{"id":454,"date":"2022-03-08T18:15:12","date_gmt":"2022-03-08T18:15:12","guid":{"rendered":"https:\/\/ies.mx\/?p=454"},"modified":"2022-03-08T18:15:12","modified_gmt":"2022-03-08T18:15:12","slug":"tratamientos-de-ortodoncia-con-tecnica-bio-progresiva-de-rikets","status":"publish","type":"post","link":"https:\/\/ies.mx\/?p=454","title":{"rendered":"Tratamientos de ortodoncia con t\u00e9cnica bio-progresiva de Rikets"},"content":{"rendered":"\n<p>INVITA LICENCIATURA EN ESTOMATOLOG\u00cdA <img loading=\"lazy\" decoding=\"async\" height=\"16\" width=\"16\" src=\"https:\/\/static.xx.fbcdn.net\/images\/emoji.php\/v9\/t26\/1\/16\/1f9b7.png\" alt=\"\ud83e\uddb7\">Potro<img loading=\"lazy\" decoding=\"async\" height=\"16\" width=\"16\" src=\"https:\/\/static.xx.fbcdn.net\/images\/emoji.php\/v9\/t1\/1\/16\/1f40e.png\" alt=\"\ud83d\udc0e\"> participa en el Seminario \u201cTratamientos de ortodoncia con t\u00e9cnica bio-progresiva de Rikets\u201d, dirigido a estudiantes, docentes y especialistas en el ramo. Imparte:<img loading=\"lazy\" decoding=\"async\" height=\"16\" width=\"16\" src=\"https:\/\/static.xx.fbcdn.net\/images\/emoji.php\/v9\/tf4\/1\/16\/2728.png\" alt=\"\u2728\">M\u00e9dico Cirujano Ortondoncista, Dr. Santiago Ram\u00f3n Pi\u00f1an Cortes<img loading=\"lazy\" decoding=\"async\" height=\"16\" width=\"16\" src=\"https:\/\/static.xx.fbcdn.net\/images\/emoji.php\/v9\/tf4\/1\/16\/2728.png\" alt=\"\u2728\"><img loading=\"lazy\" decoding=\"async\" height=\"16\" width=\"16\" src=\"https:\/\/static.xx.fbcdn.net\/images\/emoji.php\/v9\/t7e\/1\/16\/1f4c5.png\" alt=\"\ud83d\udcc5\"> Viernes 11 de marzo<img loading=\"lazy\" decoding=\"async\" height=\"16\" width=\"16\" src=\"https:\/\/static.xx.fbcdn.net\/images\/emoji.php\/v9\/t31\/1\/16\/1f559.png\" alt=\"\ud83d\udd59\"> 10:00 a 14:00 hrs. Primera Sesi\u00f3n 16:00 a 18:00 hrs. Segunda Sesi\u00f3n<img loading=\"lazy\" decoding=\"async\" height=\"16\" width=\"16\" src=\"https:\/\/static.xx.fbcdn.net\/images\/emoji.php\/v9\/t2d\/1\/16\/1f4cd.png\" alt=\"\ud83d\udccd\"> Villa Universitaria IES (Presencial)<img loading=\"lazy\" decoding=\"async\" height=\"16\" width=\"16\" src=\"https:\/\/static.xx.fbcdn.net\/images\/emoji.php\/v9\/t5f\/1\/16\/1f4f9.png\" alt=\"\ud83d\udcf9\"> Transmisi\u00f3n Livestream en FB Somos <img loading=\"lazy\" decoding=\"async\" height=\"16\" width=\"16\" src=\"https:\/\/static.xx.fbcdn.net\/images\/emoji.php\/v9\/tca\/1\/16\/2795.png\" alt=\"\u2795\"> que una Universidad<img loading=\"lazy\" decoding=\"async\" height=\"16\" width=\"16\" src=\"https:\/\/static.xx.fbcdn.net\/images\/emoji.php\/v9\/t77\/1\/16\/203c.png\" alt=\"\u203c\ufe0f\">*Mayores informes en la Direcci\u00f3n de Estomatolog\u00eda<\/p>\n\n\n\n<div class=\"wp-block-image\"><figure class=\"aligncenter size-large\"><img loading=\"lazy\" decoding=\"async\" width=\"768\" height=\"1024\" src=\"https:\/\/ies.mx\/wp-content\/uploads\/2022\/03\/275533792_3165931883724139_1484983704367164799_n-768x1024.jpg\" alt=\"\" class=\"wp-image-456\" srcset=\"https:\/\/ies.mx\/wp-content\/uploads\/2022\/03\/275533792_3165931883724139_1484983704367164799_n-768x1024.jpg 768w, https:\/\/ies.mx\/wp-content\/uploads\/2022\/03\/275533792_3165931883724139_1484983704367164799_n-225x300.jpg 225w, https:\/\/ies.mx\/wp-content\/uploads\/2022\/03\/275533792_3165931883724139_1484983704367164799_n-1152x1536.jpg 1152w, https:\/\/ies.mx\/wp-content\/uploads\/2022\/03\/275533792_3165931883724139_1484983704367164799_n.jpg 1536w\" sizes=\"auto, (max-width: 768px) 100vw, 768px\" \/><\/figure><\/div>\n","protected":false},"excerpt":{"rendered":"<p>INVITA LICENCIATURA EN ESTOMATOLOG\u00cdA Potro participa en el Seminario \u201cTratamientos de ortodoncia con t\u00e9cnica bio-progresiva de Rikets\u201d, dirigido a estudiantes, docentes y especialistas en el ramo. Imparte:M\u00e9dico Cirujano Ortondoncista, Dr. Santiago Ram\u00f3n Pi\u00f1an Cortes Viernes 11 de marzo 10:00 a 14:00 hrs. Primera Sesi\u00f3n 16:00 a 18:00 hrs. Segunda Sesi\u00f3n Villa Universitaria IES (Presencial) Transmisi\u00f3n [&hellip;]<\/p>\n","protected":false},"author":1,"featured_media":455,"comment_status":"open","ping_status":"open","sticky":false,"template":"","format":"standard","meta":{"pagelayer_contact_templates":[],"_pagelayer_content":"","footnotes":""},"categories":[3],"tags":[],"class_list":["post-454","post","type-post","status-publish","format-standard","has-post-thumbnail","hentry","category-noticias"],"_links":{"self":[{"href":"https:\/\/ies.mx\/index.php?rest_route=\/wp\/v2\/posts\/454","targetHints":{"allow":["GET"]}}],"collection":[{"href":"https:\/\/ies.mx\/index.php?rest_route=\/wp\/v2\/posts"}],"about":[{"href":"https:\/\/ies.mx\/index.php?rest_route=\/wp\/v2\/types\/post"}],"author":[{"embeddable":true,"href":"https:\/\/ies.mx\/index.php?rest_route=\/wp\/v2\/users\/1"}],"replies":[{"embeddable":true,"href":"https:\/\/ies.mx\/index.php?rest_route=%2Fwp%2Fv2%2Fcomments&post=454"}],"version-history":[{"count":1,"href":"https:\/\/ies.mx\/index.php?rest_route=\/wp\/v2\/posts\/454\/revisions"}],"predecessor-version":[{"id":457,"href":"https:\/\/ies.mx\/index.php?rest_route=\/wp\/v2\/posts\/454\/revisions\/457"}],"wp:featuredmedia":[{"embeddable":true,"href":"https:\/\/ies.mx\/index.php?rest_route=\/wp\/v2\/media\/455"}],"wp:attachment":[{"href":"https:\/\/ies.mx\/index.php?rest_route=%2Fwp%2Fv2%2Fmedia&parent=454"}],"wp:term":[{"taxonomy":"category","embeddable":true,"href":"https:\/\/ies.mx\/index.php?rest_route=%2Fwp%2Fv2%2Fcategories&post=454"},{"taxonomy":"post_tag","embeddable":true,"href":"https:\/\/ies.mx\/index.php?rest_route=%2Fwp%2Fv2%2Ftags&post=454"}],"curies":[{"name":"wp","href":"https:\/\/api.w.org\/{rel}","templated":true}]}}