{"id":330,"date":"2021-07-27T17:02:55","date_gmt":"2021-07-27T17:02:55","guid":{"rendered":"https:\/\/ies.mx\/?p=330"},"modified":"2024-01-08T21:16:22","modified_gmt":"2024-01-08T21:16:22","slug":"ceremonia-de-graduacion","status":"publish","type":"post","link":"https:\/\/ies.mx\/?p=330","title":{"rendered":"Ceremonia de Graduaci\u00f3n"},"content":{"rendered":"\n<p><img loading=\"lazy\" decoding=\"async\" height=\"16\" width=\"16\" alt=\"\u2728\" src=\"https:\/\/www.facebook.com\/images\/emoji.php\/v9\/tf4\/1\/16\/2728.png\">ASISTE Y PARTICIPA EN LA CEREMONIA VIRTUAL DE GRADUACI\u00d3N \u201cGENERACI\u00d3N 2021\u201d <img loading=\"lazy\" decoding=\"async\" height=\"16\" width=\"16\" alt=\"\u2728\" src=\"https:\/\/www.facebook.com\/images\/emoji.php\/v9\/tf4\/1\/16\/2728.png\"><img loading=\"lazy\" decoding=\"async\" height=\"16\" width=\"16\" alt=\"\ud83c\udf93\" src=\"https:\/\/www.facebook.com\/images\/emoji.php\/v9\/t25\/1\/16\/1f393.png\">S\u00e1bado 31 de Julio <img loading=\"lazy\" decoding=\"async\" height=\"16\" width=\"16\" alt=\"\ud83c\udf93\" src=\"https:\/\/www.facebook.com\/images\/emoji.php\/v9\/t25\/1\/16\/1f393.png\">11:00 Hrs.<img loading=\"lazy\" decoding=\"async\" height=\"16\" width=\"16\" alt=\"\ud83c\udf93\" src=\"https:\/\/www.facebook.com\/images\/emoji.php\/v9\/t25\/1\/16\/1f393.png\">A trav\u00e9s de Facebook Live <img loading=\"lazy\" decoding=\"async\" height=\"16\" width=\"16\" alt=\"\ud83d\udcf1\" src=\"https:\/\/www.facebook.com\/images\/emoji.php\/v9\/t57\/1\/16\/1f4f1.png\"><img loading=\"lazy\" decoding=\"async\" height=\"16\" width=\"16\" alt=\"\ud83d\udcbb\" src=\"https:\/\/www.facebook.com\/images\/emoji.php\/v9\/t8c\/1\/16\/1f4bb.png\">en la p\u00e1gina: https:\/\/www.facebook.com\/IESPotrosSalvajes\/<\/p>\n\n\n\n<div class=\"wp-block-image\"><figure class=\"aligncenter size-large\"><img loading=\"lazy\" decoding=\"async\" width=\"1024\" height=\"378\" src=\"https:\/\/ies.mx\/wp-content\/uploads\/2021\/07\/WhatsApp-Image-2021-07-27-at-10.59.15-2-1024x378.jpeg\" alt=\"\" class=\"wp-image-324\" srcset=\"https:\/\/ies.mx\/wp-content\/uploads\/2021\/07\/WhatsApp-Image-2021-07-27-at-10.59.15-2-1024x378.jpeg 1024w, https:\/\/ies.mx\/wp-content\/uploads\/2021\/07\/WhatsApp-Image-2021-07-27-at-10.59.15-2-300x111.jpeg 300w, https:\/\/ies.mx\/wp-content\/uploads\/2021\/07\/WhatsApp-Image-2021-07-27-at-10.59.15-2-768x283.jpeg 768w, https:\/\/ies.mx\/wp-content\/uploads\/2021\/07\/WhatsApp-Image-2021-07-27-at-10.59.15-2.jpeg 1280w\" sizes=\"auto, (max-width: 1024px) 100vw, 1024px\" \/><\/figure><\/div>\n","protected":false},"excerpt":{"rendered":"<p>ASISTE Y PARTICIPA EN LA CEREMONIA VIRTUAL DE GRADUACI\u00d3N \u201cGENERACI\u00d3N 2021\u201d S\u00e1bado 31 de Julio 11:00 Hrs.A trav\u00e9s de Facebook Live en la p\u00e1gina: https:\/\/www.facebook.com\/IESPotrosSalvajes\/<\/p>\n","protected":false},"author":1,"featured_media":331,"comment_status":"closed","ping_status":"open","sticky":false,"template":"","format":"standard","meta":{"pagelayer_contact_templates":[],"_pagelayer_content":"","footnotes":""},"categories":[3],"tags":[],"class_list":["post-330","post","type-post","status-publish","format-standard","has-post-thumbnail","hentry","category-noticias"],"_links":{"self":[{"href":"https:\/\/ies.mx\/index.php?rest_route=\/wp\/v2\/posts\/330","targetHints":{"allow":["GET"]}}],"collection":[{"href":"https:\/\/ies.mx\/index.php?rest_route=\/wp\/v2\/posts"}],"about":[{"href":"https:\/\/ies.mx\/index.php?rest_route=\/wp\/v2\/types\/post"}],"author":[{"embeddable":true,"href":"https:\/\/ies.mx\/index.php?rest_route=\/wp\/v2\/users\/1"}],"replies":[{"embeddable":true,"href":"https:\/\/ies.mx\/index.php?rest_route=%2Fwp%2Fv2%2Fcomments&post=330"}],"version-history":[{"count":1,"href":"https:\/\/ies.mx\/index.php?rest_route=\/wp\/v2\/posts\/330\/revisions"}],"predecessor-version":[{"id":332,"href":"https:\/\/ies.mx\/index.php?rest_route=\/wp\/v2\/posts\/330\/revisions\/332"}],"wp:featuredmedia":[{"embeddable":true,"href":"https:\/\/ies.mx\/index.php?rest_route=\/wp\/v2\/media\/331"}],"wp:attachment":[{"href":"https:\/\/ies.mx\/index.php?rest_route=%2Fwp%2Fv2%2Fmedia&parent=330"}],"wp:term":[{"taxonomy":"category","embeddable":true,"href":"https:\/\/ies.mx\/index.php?rest_route=%2Fwp%2Fv2%2Fcategories&post=330"},{"taxonomy":"post_tag","embeddable":true,"href":"https:\/\/ies.mx\/index.php?rest_route=%2Fwp%2Fv2%2Ftags&post=330"}],"curies":[{"name":"wp","href":"https:\/\/api.w.org\/{rel}","templated":true}]}}